{"id":708,"date":"2010-08-28T16:31:11","date_gmt":"2010-08-28T14:31:11","guid":{"rendered":"http:\/\/tritiopublicidad.es\/blog\/?p=708"},"modified":"2016-07-13T12:21:58","modified_gmt":"2016-07-13T10:21:58","slug":"star-trek-se-apoya-en-su-historia","status":"publish","type":"post","link":"https:\/\/tritiopublicidad.historiasdediequito.es\/blog\/star-trek-se-apoya-en-su-historia\/","title":{"rendered":"STAR TREK SE APOYA EN SU HISTORIA"},"content":{"rendered":"<p style=\"text-align: center;\"><a href=\"http:\/\/tritiopublicidad.es\/blog\/wp-content\/uploads\/2010\/08\/star-trek-2011.jpg\"><img loading=\"lazy\" decoding=\"async\" class=\"size-medium wp-image-709 aligncenter\" title=\"star-trek-2011\" src=\"http:\/\/tritiopublicidad.es\/blog\/wp-content\/uploads\/2010\/08\/star-trek-2011-300x254.jpg\" alt=\"\" width=\"300\" height=\"254\" srcset=\"https:\/\/tritiopublicidad.historiasdediequito.es\/blog\/wp-content\/uploads\/2010\/08\/star-trek-2011-300x254.jpg 300w, https:\/\/tritiopublicidad.historiasdediequito.es\/blog\/wp-content\/uploads\/2010\/08\/star-trek-2011.jpg 495w\" sizes=\"auto, (max-width: 300px) 100vw, 300px\" \/><\/a><\/p>\n<p>Durante unas semanas, en la Ciudad de las Artes y las Ciencias de Valencia, se podr\u00e1 visitar una exposici\u00f3n temporal sobre Star Trek.<\/p>\n<p>\u00a0Carteler\u00eda cinematogr\u00e1fica, naves a escala, maquetas de gran tama\u00f1o, vestuario, merchandising, concept art, guiones, v\u00eddeos, armamento, asientos originales e incluso una r\u00e9plica del puente de mando en donde descansar de los extenuantes paseos por los laberintos de Santiago Calatrava.<\/p>\n<p>Star Trek volver\u00e1 a los cines en 2011 y con esta exposici\u00f3n itinerante lo que pretende es promocionar su imagen, adem\u00e1s en este caso, asociandola a la ciencia como nunca para que los resultados en taquilla no decaigan. Lejos quedan ya aquellos a\u00f1os de Spock y Kirk, que volvieron de oro a Roddenberry. Los Trekkies han intentado mantener la leyenda viva pero las cosas se han ido poniendo dif\u00edciles para la saga.<\/p>\n<p>Para darle publicidad a las nuevas entregas no hay nada mejor que volver a los or\u00edgenes con este tipo de acciones que recuerdan a todos la importancia de estas pel\u00edculas en la historia de cine, ponen cerca de los fans los atrezzos originales o difunden curiosidades como la del Teletransporte, \u201cinventado\u201d por Star Trek para que no se tuvieran que filmar los despegues y aterrizajes de la nave, que habr\u00edan supuesto miles y miles de d\u00f3lares en efectos especiales.<\/p>\n<p>La exposici\u00f3n adem\u00e1s se anuncia en muppies por toda la ciudad del Turia. Star Trek est\u00e1 quemando las naves en estos tiempos de crisis para que en la siguiente filmaci\u00f3n haya buena respuesta de la taquilla ya que, solo as\u00ed se garantizar\u00eda la supervivencia de la franquicia. Aunque, como todos sabemos, los mitos nunca mueren del todo y sino que se lo pregunten a Rambo, a Rocky o a McLane.<\/p>\n<p>Diego Celma Herrando<\/p>\n<p>Imagen: blippitt<\/p>\n","protected":false},"excerpt":{"rendered":"<p>Durante unas semanas, en la Ciudad de las Artes y las Ciencias de Valencia, se podr\u00e1 visitar una exposici\u00f3n temporal sobre Star Trek. \u00a0Carteler\u00eda cinematogr\u00e1fica, naves a escala, maquetas de gran tama\u00f1o, vestuario, merchandising, concept art, guiones, v\u00eddeos, armamento, asientos originales e incluso una r\u00e9plica del puente de mando en donde descansar de los extenuantes &hellip; <a href=\"https:\/\/tritiopublicidad.historiasdediequito.es\/blog\/star-trek-se-apoya-en-su-historia\/\" class=\"more-link\">Seguir leyendo <span class=\"screen-reader-text\">STAR TREK SE APOYA EN SU HISTORIA<\/span> <span class=\"meta-nav\">&rarr;<\/span><\/a><\/p>\n","protected":false},"author":2,"featured_media":0,"comment_status":"open","ping_status":"open","sticky":false,"template":"","format":"standard","meta":{"_exactmetrics_skip_tracking":false,"_exactmetrics_sitenote_active":false,"_exactmetrics_sitenote_note":"","_exactmetrics_sitenote_category":0,"footnotes":""},"categories":[108],"tags":[1168,887,1169,1167,1166,459,1164,1165,1162,1163,1160,1161,1172,1171,1170],"class_list":["post-708","post","type-post","status-publish","format-standard","hentry","category-imagen-corporativa-y-branding","tag-artes","tag-calatrava","tag-ciencias","tag-generacion","tag-kirk","tag-mclane","tag-rambo","tag-rocky","tag-roddenberry","tag-spock","tag-star","tag-trek","tag-trekkies","tag-turia","tag-valencia"],"_links":{"self":[{"href":"https:\/\/tritiopublicidad.historiasdediequito.es\/blog\/wp-json\/wp\/v2\/posts\/708","targetHints":{"allow":["GET"]}}],"collection":[{"href":"https:\/\/tritiopublicidad.historiasdediequito.es\/blog\/wp-json\/wp\/v2\/posts"}],"about":[{"href":"https:\/\/tritiopublicidad.historiasdediequito.es\/blog\/wp-json\/wp\/v2\/types\/post"}],"author":[{"embeddable":true,"href":"https:\/\/tritiopublicidad.historiasdediequito.es\/blog\/wp-json\/wp\/v2\/users\/2"}],"replies":[{"embeddable":true,"href":"https:\/\/tritiopublicidad.historiasdediequito.es\/blog\/wp-json\/wp\/v2\/comments?post=708"}],"version-history":[{"count":1,"href":"https:\/\/tritiopublicidad.historiasdediequito.es\/blog\/wp-json\/wp\/v2\/posts\/708\/revisions"}],"predecessor-version":[{"id":3416,"href":"https:\/\/tritiopublicidad.historiasdediequito.es\/blog\/wp-json\/wp\/v2\/posts\/708\/revisions\/3416"}],"wp:attachment":[{"href":"https:\/\/tritiopublicidad.historiasdediequito.es\/blog\/wp-json\/wp\/v2\/media?parent=708"}],"wp:term":[{"taxonomy":"category","embeddable":true,"href":"https:\/\/tritiopublicidad.historiasdediequito.es\/blog\/wp-json\/wp\/v2\/categories?post=708"},{"taxonomy":"post_tag","embeddable":true,"href":"https:\/\/tritiopublicidad.historiasdediequito.es\/blog\/wp-json\/wp\/v2\/tags?post=708"}],"curies":[{"name":"wp","href":"https:\/\/api.w.org\/{rel}","templated":true}]}}